{"id":95,"date":"2015-06-07T13:27:00","date_gmt":"2015-06-07T13:27:00","guid":{"rendered":"https:\/\/barbarabeckenbauer.com\/index.php\/2015\/06\/07\/2015-7-7-generation-y-und-arbeitsmoral\/"},"modified":"2015-06-07T13:27:00","modified_gmt":"2015-06-07T13:27:00","slug":"2015-7-7-generation-y-und-arbeitsmoral","status":"publish","type":"post","link":"https:\/\/barbarabeckenbauer.com\/index.php\/2015\/06\/07\/2015-7-7-generation-y-und-arbeitsmoral\/","title":{"rendered":"Generation Unter 40 und die Arbeitsmoral."},"content":{"rendered":"<div\n        class=\"\n          image-block-outer-wrapper\n          layout-caption-below\n          design-layout-inline\n          combination-animation-none\n          individual-animation-none\n          individual-text-animation-none\n        \"\n        data-test=\"image-block-inline-outer-wrapper\"\n    ><\/p>\n<figure\n            class=\"\n              sqs-block-image-figure\n              intrinsic\n            \"\n            style=\"max-width:370px;\"\n        ><\/p>\n<div\n              \n              \n              class=\"image-block-wrapper\"\n              data-animation-role=\"image\"\n              \n  \n\n          ><\/p>\n<div class=\"sqs-image-shape-container-element\n              \n          \n        \n              has-aspect-ratio\n            \" style=\"\n                position: relative;\n                \n                  padding-bottom:45.4054069519043%;\n                \n                overflow: hidden;-webkit-mask-image: -webkit-radial-gradient(white, black);\n              \"\n              ><\/p>\n<p>                  <img data-stretch=\"false\" src=\"https:\/\/images.squarespace-cdn.com\/content\/v1\/5572db49e4b046e672ac1d38\/1436282048028-JSXBCA19TZQOFGU0PSX5\/image-asset.gif\" data-image=\"https:\/\/images.squarespace-cdn.com\/content\/v1\/5572db49e4b046e672ac1d38\/1436282048028-JSXBCA19TZQOFGU0PSX5\/image-asset.gif\" data-image-dimensions=\"370x168\" data-image-focal-point=\"0.5,0.5\" alt=\"\" data-load=\"false\" src=\"https:\/\/images.squarespace-cdn.com\/content\/v1\/5572db49e4b046e672ac1d38\/1436282048028-JSXBCA19TZQOFGU0PSX5\/image-asset.gif\" width=\"370\" height=\"168\" alt=\"\" sizes=\"(max-width: 640px) 100vw, (max-width: 768px) 100vw, 100vw\" style=\"display:block;object-fit: cover; width: 100%; height: 100%; object-position: 0% 0%\" srcset=\"https:\/\/images.squarespace-cdn.com\/content\/v1\/5572db49e4b046e672ac1d38\/1436282048028-JSXBCA19TZQOFGU0PSX5\/image-asset.gif?format=100w 100w, https:\/\/images.squarespace-cdn.com\/content\/v1\/5572db49e4b046e672ac1d38\/1436282048028-JSXBCA19TZQOFGU0PSX5\/image-asset.gif?format=300w 300w, https:\/\/images.squarespace-cdn.com\/content\/v1\/5572db49e4b046e672ac1d38\/1436282048028-JSXBCA19TZQOFGU0PSX5\/image-asset.gif?format=500w 500w, https:\/\/images.squarespace-cdn.com\/content\/v1\/5572db49e4b046e672ac1d38\/1436282048028-JSXBCA19TZQOFGU0PSX5\/image-asset.gif?format=750w 750w, https:\/\/images.squarespace-cdn.com\/content\/v1\/5572db49e4b046e672ac1d38\/1436282048028-JSXBCA19TZQOFGU0PSX5\/image-asset.gif?format=1000w 1000w, https:\/\/images.squarespace-cdn.com\/content\/v1\/5572db49e4b046e672ac1d38\/1436282048028-JSXBCA19TZQOFGU0PSX5\/image-asset.gif?format=1500w 1500w, https:\/\/images.squarespace-cdn.com\/content\/v1\/5572db49e4b046e672ac1d38\/1436282048028-JSXBCA19TZQOFGU0PSX5\/image-asset.gif?format=2500w 2500w\" loading=\"lazy\" decoding=\"async\" data-loader=\"sqs\"><\/p><\/div>\n<\/p><\/div>\n<\/figure><\/div>\n<div class=\"sqs-html-content\">\n<p class=\"\" style=\"white-space:pre-wrap;\">Sitze im B\u00fcro und bereite die Pressekonferenz f\u00fcr Parships \u00fcber die &#8220;Wohlf\u00fchlgesellschaft: Generation unter 40 zwischen Wunschdenken und Realit\u00e4t&#8217;&nbsp;vor und mache mir Sorgen \u00fcber die fehlende Arbeitsmoral der unter 40-j\u00e4hrigen (U40 nicht UB40 \ud83d\ude09 aber die kennen die U40 eh nicht) nach. Draussen ist ein herrlicher Sommertag, genau richtig, nicht zu warm nicht zu kalt, die Kinder freuen sich, dass der Sommer zur\u00fcckgekehrt ist. Nur ich sitze im B\u00fcro \u2026..<\/p>\n<p class=\"\" style=\"white-space:pre-wrap;\">W\u00fcrden die U40 wie ich an einem sch\u00f6nen heissen sommerlichen Wochenende alles stehen und liegen lassen, damit sie sich gr\u00fcndlich vorbereiten &nbsp;k\u00f6nnen und ihre Sache gut machen? Wenn man die Studienergebnisse betrachtet, wohl eher nicht, dies obwohl ihre Anspr\u00fcche und Erwartungen sehr hoch sind. F\u00fcr sie soll Arbeit vor allem Spass machen, ein nettes Umfeld bereitstellen und m\u00f6glichst wenig mit Herausforderung, Aufstieg, Karriere zu tun haben. Und international t\u00e4tig wollen sie schon gar nicht sein? Wenn ich da an die tapfere Parship-Truppe aus Wien denke, die am Dienstag um 4 oder 5 Uhr in der Fr\u00fch aufstehen wird, damit sie rechtzeitig zum Pressetermin in Z\u00fcrich erscheinen kann &#8230;<\/p>\n<p class=\"\" style=\"white-space:pre-wrap;\">Aber eben aufgepasst, Kulturpessimismus gab&#8217;s schon lange. Und der Abgesagt \u00fcber die vorgehende Generation ist so alt wie die Griechen.&nbsp;Sokrates bemerkte bereits: \u201eDie Jugend liebt heute den Luxus. Sie hat schlechte Manieren, verachtet die Autorit\u00e4t, hat keinen Respekt mehr vor \u00e4lteren Leuten und diskutiert, wo sie arbeiten sollte\u201c.<\/p>\n<p class=\"\" style=\"white-space:pre-wrap;\">Irgendwie werden es die schon schaffen, muss ich mir immer wieder sagen. Aber vielleicht werden die Schweizer auch von besser motivierten Asiaten oder Afrikanern bzw von Jungen, die nicht das Privileg hatten, in einer Wohlstandsgesellschaft aufzuwachsen, abgeh\u00e4ngt? Es bleibt sicher spannend zu beobachten, wie in den n\u00e4chsten 20 Jahren hier in der Schweiz gearbeitet werden wird und wie die Schweizer Wirtschaft es schaffen kann, vor allem auch Frauen st\u00e4rker in den Arbeitsprozess miteinzubeziehen.<\/p>\n<p class=\"\" style=\"white-space:pre-wrap;\">Was die Sommerstudie von Parship sicherlich zeigt, ist, dass die Bereitschaft Familie und Beruf unter einen Hut zu bringen sehr gross ist, selbst bei den M\u00e4nnern. Jetzt m\u00fcsste nur noch etwas an der Arbeitseinstellung ge\u00e4ndert werden und es w\u00fcrde die Post abgehen.&nbsp;<\/p>\n<\/div>\n","protected":false},"excerpt":{"rendered":"<p class=\"\" style=\"white-space:pre-wrap;\">Sitze im B\u00fcro und bereite die Pressekonferenz f\u00fcr Parships \u00fcber die &#8220;Wohlf\u00fchlgesellschaft\u201d.<\/p>\n","protected":false},"author":1,"featured_media":0,"comment_status":"open","ping_status":"open","sticky":false,"template":"","format":"standard","meta":{"footnotes":""},"categories":[1],"tags":[],"_links":{"self":[{"href":"https:\/\/barbarabeckenbauer.com\/index.php\/wp-json\/wp\/v2\/posts\/95"}],"collection":[{"href":"https:\/\/barbarabeckenbauer.com\/index.php\/wp-json\/wp\/v2\/posts"}],"about":[{"href":"https:\/\/barbarabeckenbauer.com\/index.php\/wp-json\/wp\/v2\/types\/post"}],"author":[{"embeddable":true,"href":"https:\/\/barbarabeckenbauer.com\/index.php\/wp-json\/wp\/v2\/users\/1"}],"replies":[{"embeddable":true,"href":"https:\/\/barbarabeckenbauer.com\/index.php\/wp-json\/wp\/v2\/comments?post=95"}],"version-history":[{"count":0,"href":"https:\/\/barbarabeckenbauer.com\/index.php\/wp-json\/wp\/v2\/posts\/95\/revisions"}],"wp:attachment":[{"href":"https:\/\/barbarabeckenbauer.com\/index.php\/wp-json\/wp\/v2\/media?parent=95"}],"wp:term":[{"taxonomy":"category","embeddable":true,"href":"https:\/\/barbarabeckenbauer.com\/index.php\/wp-json\/wp\/v2\/categories?post=95"},{"taxonomy":"post_tag","embeddable":true,"href":"https:\/\/barbarabeckenbauer.com\/index.php\/wp-json\/wp\/v2\/tags?post=95"}],"curies":[{"name":"wp","href":"https:\/\/api.w.org\/{rel}","templated":true}]}}