{"id":88,"date":"2015-09-12T10:26:00","date_gmt":"2015-09-12T10:26:00","guid":{"rendered":"https:\/\/barbarabeckenbauer.com\/index.php\/2015\/09\/12\/2015-9-18-das-schlechte-gewissen\/"},"modified":"2015-09-12T10:26:00","modified_gmt":"2015-09-12T10:26:00","slug":"2015-9-18-das-schlechte-gewissen","status":"publish","type":"post","link":"https:\/\/barbarabeckenbauer.com\/index.php\/2015\/09\/12\/2015-9-18-das-schlechte-gewissen\/","title":{"rendered":"Women&#8217;s Talk \u00fcber das schlechte Gewissen."},"content":{"rendered":"<div class=\"sqs-html-content\">\n<p class=\"\" style=\"white-space:pre-wrap;\">Am 8. September unterhielt ich mich zusammen mit Kafi Freitag und Daniel Regli \u00fcber das schlechte Gewissen, ob es weiblich ist und wie man es in den Griff bekommt.&nbsp;<\/p>\n<p class=\"\" style=\"white-space:pre-wrap;\">Es war ein spannender Abend im ausverkauften Baur au Lac. Das Interesse schien sehr gross zu sein.&nbsp;<\/p>\n<p class=\"\" style=\"white-space:pre-wrap;\">&#8220;Ist das schlechte Gewissen wirklich so schlecht wie sein Ruf?&#8221;, war eine der gestellten Fragen. Ich finde eigentlich nein. Ohne ab und zu mal ein schlechtes Gewissen zu haben, w\u00e4re man bald mal r\u00fccksichtslos, skrupellos und kein allzu angenehmer Zeitgenosse. Ein schlechtes Gewissen zu haben, kann in der richtigen Dosis auch Motivation geben und voran treiben. Es f\u00e4ngt uns erst an zu blockieren, wenn es \u00dcberhand nimmt und unsere Handlungen zu stark und negativ bewertet werden.&nbsp;Was sich in der Praxis zeigt, ist, dass bei einem blockierenden schlechten Gewissen, oft das Selbstbewusstsein schwach ist. Je kleiner das Selbstbewusstsein, desto weniger kann man sich gegen den inneren Richter wehren.<\/p>\n<p class=\"\" style=\"white-space:pre-wrap;\">Mein Ansatz im Coaching w\u00e4re deshalb sicher erst Mal den Selbstwert zu st\u00fctzen bzw. zu st\u00e4rken. Wenn man mit den Augen eines kleinen, schwachen Selbstbewusstsein seine eigenen Handlungen bewertet, dann f\u00e4llt das Urteil schlecht aus. Mit einem gest\u00e4rkten Selbstbewusstsein und einer emphatischen Haltung sich selbst gegen\u00fcber, kann das schlechte Gewissen wieder in den Hintergrund r\u00fccken und einem nicht den ganzen Handlungsspielraum blockieren.&nbsp;<\/p>\n<\/div>\n","protected":false},"excerpt":{"rendered":"<p class=\"\" style=\"white-space:pre-wrap;\">Am 8. September unterhielt ich mich zusammen mit Kafi Freitag und Daniel Regli.<\/p>\n","protected":false},"author":1,"featured_media":89,"comment_status":"open","ping_status":"open","sticky":false,"template":"","format":"standard","meta":{"footnotes":""},"categories":[1],"tags":[],"_links":{"self":[{"href":"https:\/\/barbarabeckenbauer.com\/index.php\/wp-json\/wp\/v2\/posts\/88"}],"collection":[{"href":"https:\/\/barbarabeckenbauer.com\/index.php\/wp-json\/wp\/v2\/posts"}],"about":[{"href":"https:\/\/barbarabeckenbauer.com\/index.php\/wp-json\/wp\/v2\/types\/post"}],"author":[{"embeddable":true,"href":"https:\/\/barbarabeckenbauer.com\/index.php\/wp-json\/wp\/v2\/users\/1"}],"replies":[{"embeddable":true,"href":"https:\/\/barbarabeckenbauer.com\/index.php\/wp-json\/wp\/v2\/comments?post=88"}],"version-history":[{"count":0,"href":"https:\/\/barbarabeckenbauer.com\/index.php\/wp-json\/wp\/v2\/posts\/88\/revisions"}],"wp:featuredmedia":[{"embeddable":true,"href":"https:\/\/barbarabeckenbauer.com\/index.php\/wp-json\/wp\/v2\/media\/89"}],"wp:attachment":[{"href":"https:\/\/barbarabeckenbauer.com\/index.php\/wp-json\/wp\/v2\/media?parent=88"}],"wp:term":[{"taxonomy":"category","embeddable":true,"href":"https:\/\/barbarabeckenbauer.com\/index.php\/wp-json\/wp\/v2\/categories?post=88"},{"taxonomy":"post_tag","embeddable":true,"href":"https:\/\/barbarabeckenbauer.com\/index.php\/wp-json\/wp\/v2\/tags?post=88"}],"curies":[{"name":"wp","href":"https:\/\/api.w.org\/{rel}","templated":true}]}}